{"id":973,"date":"2023-01-10T13:44:48","date_gmt":"2023-01-10T12:44:48","guid":{"rendered":"https:\/\/neuesleben.ch\/notizen\/?p=973"},"modified":"2023-01-10T13:44:50","modified_gmt":"2023-01-10T12:44:50","slug":"frieden-roem-51-6","status":"publish","type":"post","link":"https:\/\/neuesleben.ch\/notizen\/?p=973","title":{"rendered":"Frieden &#8211; R\u00f6m 5,1-6"},"content":{"rendered":"\n<p>In den letzten Monaten ist das Thema Krieg und Frieden wieder mehr in unser Bewusstsein ger\u00fcckt. Nachfolgend ein paar Gedanken dazu basierend auf R\u00f6mer 5,1-6, welche ich anl\u00e4sslich meiner Predigt in der <a href=\"http:\/\/www.feg-uzwil.ch\" target=\"_blank\" rel=\"noreferrer noopener\">FEG Uzwil<\/a> weitergegeben habe.<\/p>\n\n\n\n<figure class=\"wp-block-embed is-type-video is-provider-youtube wp-block-embed-youtube wp-embed-aspect-16-9 wp-has-aspect-ratio\"><div class=\"wp-block-embed__wrapper\">\n<iframe loading=\"lazy\" title=\"R\u00f6mer 5 Frieden\" width=\"750\" height=\"422\" src=\"https:\/\/www.youtube.com\/embed\/-BUjLpKJ-q4?feature=oembed\" frameborder=\"0\" allow=\"accelerometer; autoplay; clipboard-write; encrypted-media; gyroscope; picture-in-picture; web-share\" allowfullscreen><\/iframe>\n<\/div><figcaption>Predigt zu R\u00f6mer 5,1-6<\/figcaption><\/figure>\n\n\n<a href=\"https:\/\/neuesleben.ch\/notizen\/wp-content\/uploads\/2023\/01\/Frieden-Roemer-51-5.pdf\" class=\"pdfemb-viewer\" style=\"\" data-width=\"max\" data-height=\"max\" data-toolbar=\"bottom\" data-toolbar-fixed=\"off\">Frieden-Roemer-51-5<\/a>\n<p class=\"wp-block-pdfemb-pdf-embedder-viewer\"><\/p>\n","protected":false},"excerpt":{"rendered":"<p>In den letzten Monaten ist das Thema Krieg und Frieden wieder mehr in unser Bewusstsein ger\u00fcckt. Nachfolgend ein paar Gedanken dazu basierend auf R\u00f6mer 5,1-6, welche ich anl\u00e4sslich meiner Predigt in der FEG Uzwil weitergegeben habe.<\/p>\n","protected":false},"author":1,"featured_media":975,"comment_status":"open","ping_status":"closed","sticky":false,"template":"","format":"standard","meta":{"footnotes":""},"categories":[239,4,159],"tags":[240,148],"class_list":["post-973","post","type-post","status-publish","format-standard","has-post-thumbnail","hentry","category-06-roemerbrief","category-nt","category-aktuell","tag-frieden","tag-liebe"],"_links":{"self":[{"href":"https:\/\/neuesleben.ch\/notizen\/index.php?rest_route=\/wp\/v2\/posts\/973","targetHints":{"allow":["GET"]}}],"collection":[{"href":"https:\/\/neuesleben.ch\/notizen\/index.php?rest_route=\/wp\/v2\/posts"}],"about":[{"href":"https:\/\/neuesleben.ch\/notizen\/index.php?rest_route=\/wp\/v2\/types\/post"}],"author":[{"embeddable":true,"href":"https:\/\/neuesleben.ch\/notizen\/index.php?rest_route=\/wp\/v2\/users\/1"}],"replies":[{"embeddable":true,"href":"https:\/\/neuesleben.ch\/notizen\/index.php?rest_route=%2Fwp%2Fv2%2Fcomments&post=973"}],"version-history":[{"count":1,"href":"https:\/\/neuesleben.ch\/notizen\/index.php?rest_route=\/wp\/v2\/posts\/973\/revisions"}],"predecessor-version":[{"id":976,"href":"https:\/\/neuesleben.ch\/notizen\/index.php?rest_route=\/wp\/v2\/posts\/973\/revisions\/976"}],"wp:featuredmedia":[{"embeddable":true,"href":"https:\/\/neuesleben.ch\/notizen\/index.php?rest_route=\/wp\/v2\/media\/975"}],"wp:attachment":[{"href":"https:\/\/neuesleben.ch\/notizen\/index.php?rest_route=%2Fwp%2Fv2%2Fmedia&parent=973"}],"wp:term":[{"taxonomy":"category","embeddable":true,"href":"https:\/\/neuesleben.ch\/notizen\/index.php?rest_route=%2Fwp%2Fv2%2Fcategories&post=973"},{"taxonomy":"post_tag","embeddable":true,"href":"https:\/\/neuesleben.ch\/notizen\/index.php?rest_route=%2Fwp%2Fv2%2Ftags&post=973"}],"curies":[{"name":"wp","href":"https:\/\/api.w.org\/{rel}","templated":true}]}}