{"id":928,"date":"2021-12-24T16:14:03","date_gmt":"2021-12-24T15:14:03","guid":{"rendered":"https:\/\/neuesleben.ch\/notizen\/?p=928"},"modified":"2021-12-24T16:14:16","modified_gmt":"2021-12-24T15:14:16","slug":"die-weihnachtsgeschichte","status":"publish","type":"post","link":"https:\/\/neuesleben.ch\/notizen\/?p=928","title":{"rendered":"Die Weihnachtsgeschichte"},"content":{"rendered":"\n<p>Im Rahmen des BIBLE COLLEGE ST. GALLEN habe ich mich mit den relevanten Kapiteln in den Evangelien: Matth\u00e4us 1 &amp; 2 sowie Lukas 1 &amp; 2 besch\u00e4ftigt. Die Reihenfolge der Ereignisse sind hier kurz zusammengefasst:<\/p>\n\n\n\n<ul class=\"wp-block-list\"><li>Geburt Jesu: Lk 2,1-7; Mt 1,18-25<\/li><li>Erscheinung der Engel bei den Hirten und deren Besuch des Jesu-Kindes: Lk 2,8-20<\/li><li>Jesu Beschneidung und Namensgebung nach 8 Tagen: Lk 2,21 (siehe dazu die Parallele zu&nbsp;Johannes in Lk 1,59ff)<\/li><li>Besuch im Tempel nach weiteren 33 Tagen und Darbringung der Opfer gem\u00e4ss den Verordnungen f\u00fcr die W\u00f6chnerinnen in 3Mo 12: Lk 2,22-24<\/li><li>Prophezeiungen Simeons im Tempel: Lk 2,25-35<\/li><li>Begegnung mit der Prophetin Hanna: Lk 2,36-38<\/li><li>Haben sich wahrscheinlich in Bethlehem niedergelassen, um einer sozialen Ausgrenzung in Nazareth auszuweichen<\/li><li>ca. 1 Jahr sp\u00e4ter der Besuch der Weisen aus dem Morgenland: Mt 2,1-12<\/li><li>Flucht nach \u00c4gypten: Mt 2,13-14<\/li><li>ca. 1-2 Jahre sp\u00e4ter: R\u00fcckkehr von \u00c4gypten, gem\u00e4ss der Anweisung des Engels gingen sie nach Nazareth (sie wollten aber eigentlich wieder nach Bethlehem!): Mt 2,15;19-23; Lk 2,39-40<\/li><\/ul>\n\n\n\n<p>Nachfolgend sind die damaligen Aufnahmen in den Ausf\u00fchrungen zu Lukas 1 &amp; 2 sowie Matth\u00e4us 1 &amp; 2:<\/p>\n\n\n\n<figure class=\"wp-block-embed is-type-video is-provider-youtube wp-block-embed-youtube wp-embed-aspect-16-9 wp-has-aspect-ratio\"><div class=\"wp-block-embed__wrapper\">\n<iframe loading=\"lazy\" title=\"NT02 02 01 Lukas 1\" width=\"750\" height=\"422\" src=\"https:\/\/www.youtube.com\/embed\/Pz-rqU4Ba3E?feature=oembed\" frameborder=\"0\" allow=\"accelerometer; autoplay; clipboard-write; encrypted-media; gyroscope; picture-in-picture\" allowfullscreen><\/iframe>\n<\/div><\/figure>\n\n\n\n<figure class=\"wp-block-embed is-type-video is-provider-youtube wp-block-embed-youtube wp-embed-aspect-16-9 wp-has-aspect-ratio\"><div class=\"wp-block-embed__wrapper\">\n<iframe loading=\"lazy\" title=\"NT02 02 02 Lukas 2\" width=\"750\" height=\"422\" src=\"https:\/\/www.youtube.com\/embed\/qws4fCOed40?feature=oembed\" frameborder=\"0\" allow=\"accelerometer; autoplay; clipboard-write; encrypted-media; gyroscope; picture-in-picture\" allowfullscreen><\/iframe>\n<\/div><\/figure>\n\n\n\n<figure class=\"wp-block-embed is-type-video is-provider-youtube wp-block-embed-youtube wp-embed-aspect-16-9 wp-has-aspect-ratio\"><div class=\"wp-block-embed__wrapper\">\n<iframe loading=\"lazy\" title=\"NT 01 2 Matth\u00e4us 1 und 2 - 1. Teil\" width=\"750\" height=\"422\" src=\"https:\/\/www.youtube.com\/embed\/kEKP32tj8Y0?feature=oembed\" frameborder=\"0\" allow=\"accelerometer; autoplay; clipboard-write; encrypted-media; gyroscope; picture-in-picture\" allowfullscreen><\/iframe>\n<\/div><\/figure>\n\n\n\n<figure class=\"wp-block-embed is-type-video is-provider-youtube wp-block-embed-youtube wp-embed-aspect-16-9 wp-has-aspect-ratio\"><div class=\"wp-block-embed__wrapper\">\n<iframe loading=\"lazy\" title=\"NT01 02 02 Mt  2\" width=\"750\" height=\"422\" src=\"https:\/\/www.youtube.com\/embed\/70CIAb0vS0Q?feature=oembed\" frameborder=\"0\" allow=\"accelerometer; autoplay; clipboard-write; encrypted-media; gyroscope; picture-in-picture\" allowfullscreen><\/iframe>\n<\/div><\/figure>\n","protected":false},"excerpt":{"rendered":"<p>Im Rahmen des BIBLE COLLEGE ST. GALLEN habe ich mich mit den relevanten Kapiteln in den Evangelien: Matth\u00e4us 1 &amp; 2 sowie Lukas 1 &amp; 2 besch\u00e4ftigt. Die Reihenfolge der Ereignisse sind hier kurz zusammengefasst: Geburt Jesu: Lk 2,1-7; Mt 1,18-25 Erscheinung der Engel bei den Hirten und deren Besuch [&hellip;]<\/p>\n","protected":false},"author":1,"featured_media":930,"comment_status":"open","ping_status":"closed","sticky":false,"template":"","format":"standard","meta":{"footnotes":""},"categories":[89,5,159],"tags":[222,221],"class_list":["post-928","post","type-post","status-publish","format-standard","has-post-thumbnail","hentry","category-01-matthaus","category-03-lukas","category-aktuell","tag-jesu-geburt","tag-weihnachten"],"_links":{"self":[{"href":"https:\/\/neuesleben.ch\/notizen\/index.php?rest_route=\/wp\/v2\/posts\/928","targetHints":{"allow":["GET"]}}],"collection":[{"href":"https:\/\/neuesleben.ch\/notizen\/index.php?rest_route=\/wp\/v2\/posts"}],"about":[{"href":"https:\/\/neuesleben.ch\/notizen\/index.php?rest_route=\/wp\/v2\/types\/post"}],"author":[{"embeddable":true,"href":"https:\/\/neuesleben.ch\/notizen\/index.php?rest_route=\/wp\/v2\/users\/1"}],"replies":[{"embeddable":true,"href":"https:\/\/neuesleben.ch\/notizen\/index.php?rest_route=%2Fwp%2Fv2%2Fcomments&post=928"}],"version-history":[{"count":1,"href":"https:\/\/neuesleben.ch\/notizen\/index.php?rest_route=\/wp\/v2\/posts\/928\/revisions"}],"predecessor-version":[{"id":931,"href":"https:\/\/neuesleben.ch\/notizen\/index.php?rest_route=\/wp\/v2\/posts\/928\/revisions\/931"}],"wp:featuredmedia":[{"embeddable":true,"href":"https:\/\/neuesleben.ch\/notizen\/index.php?rest_route=\/wp\/v2\/media\/930"}],"wp:attachment":[{"href":"https:\/\/neuesleben.ch\/notizen\/index.php?rest_route=%2Fwp%2Fv2%2Fmedia&parent=928"}],"wp:term":[{"taxonomy":"category","embeddable":true,"href":"https:\/\/neuesleben.ch\/notizen\/index.php?rest_route=%2Fwp%2Fv2%2Fcategories&post=928"},{"taxonomy":"post_tag","embeddable":true,"href":"https:\/\/neuesleben.ch\/notizen\/index.php?rest_route=%2Fwp%2Fv2%2Ftags&post=928"}],"curies":[{"name":"wp","href":"https:\/\/api.w.org\/{rel}","templated":true}]}}