{"id":871,"date":"2021-07-19T09:47:43","date_gmt":"2021-07-19T07:47:43","guid":{"rendered":"http:\/\/neuesleben.ch\/notizen\/?p=871"},"modified":"2021-09-10T16:03:03","modified_gmt":"2021-09-10T14:03:03","slug":"algunos-pensamientos-sobre-el-libro-mas-que-und-rabino-de-cesar-vidal","status":"publish","type":"post","link":"https:\/\/neuesleben.ch\/notizen\/?p=871","title":{"rendered":"Algunos pensamientos sobre el libro \u201cM\u00e1s que un rabino\u201d de C\u00e9sar Vidal"},"content":{"rendered":"\n<p>C\u00e9sar Vidal nos presenta como historiador una obra literaria muy valiosa que nos lleva a todas las etapas de la vida de Jes\u00fas. Como mayor fuente de sus explicaciones valen los 4 evangelios del NT. Pero lo que hace la obra especial es el uso de otras fuentes como el de Josefo, los libros seudoepigr\u00e1ficos y otras fuentes interesantes. Como en una armon\u00eda de los evangelios el autor nos lleva a las diferentes estaciones e ense\u00f1anzas de Jes\u00fas. C\u00e9sar Vidal se destaca con una doctrina conservadora de \u00edndole reformatoria con la cual estoy mayormente de acuerdo. \u00danicamente en la escatolog\u00eda no puedo seguir sus pensamientos que se basan en el amilenarismo. Por ello me parece que el autor ser\u00eda mejor aconsejado de exponer como historiador imparcialmente los dos puntos de vista, tanto el amilenarismo como el milenarismo dando los argumentos m\u00e1s importantes. No obstante un obra que puedo recomendar para profundizar m\u00e1s en el mensaje de los evangelios. <\/p>\n\n\n\n<figure class=\"wp-block-image size-large\"><img loading=\"lazy\" decoding=\"async\" width=\"1024\" height=\"1024\" src=\"http:\/\/neuesleben.ch\/notizen\/wp-content\/uploads\/2021\/07\/mas-que-un-rabino.png\" alt=\"\" class=\"wp-image-872\" srcset=\"https:\/\/neuesleben.ch\/notizen\/wp-content\/uploads\/2021\/07\/mas-que-un-rabino.png 1024w, https:\/\/neuesleben.ch\/notizen\/wp-content\/uploads\/2021\/07\/mas-que-un-rabino-300x300.png 300w, https:\/\/neuesleben.ch\/notizen\/wp-content\/uploads\/2021\/07\/mas-que-un-rabino-150x150.png 150w, https:\/\/neuesleben.ch\/notizen\/wp-content\/uploads\/2021\/07\/mas-que-un-rabino-768x768.png 768w\" sizes=\"auto, (max-width: 1024px) 100vw, 1024px\" \/><\/figure>\n","protected":false},"excerpt":{"rendered":"<p>C\u00e9sar Vidal nos presenta como historiador una obra literaria muy valiosa que nos lleva a todas las etapas de la vida de Jes\u00fas. Como mayor fuente de sus explicaciones valen los 4 evangelios del NT. Pero lo que hace la obra especial es el uso de otras fuentes como el [&hellip;]<\/p>\n","protected":false},"author":1,"featured_media":872,"comment_status":"open","ping_status":"closed","sticky":false,"template":"","format":"standard","meta":{"footnotes":""},"categories":[4],"tags":[111,211],"class_list":["post-871","post","type-post","status-publish","format-standard","has-post-thumbnail","hentry","category-nt","tag-espanol","tag-resena"],"_links":{"self":[{"href":"https:\/\/neuesleben.ch\/notizen\/index.php?rest_route=\/wp\/v2\/posts\/871","targetHints":{"allow":["GET"]}}],"collection":[{"href":"https:\/\/neuesleben.ch\/notizen\/index.php?rest_route=\/wp\/v2\/posts"}],"about":[{"href":"https:\/\/neuesleben.ch\/notizen\/index.php?rest_route=\/wp\/v2\/types\/post"}],"author":[{"embeddable":true,"href":"https:\/\/neuesleben.ch\/notizen\/index.php?rest_route=\/wp\/v2\/users\/1"}],"replies":[{"embeddable":true,"href":"https:\/\/neuesleben.ch\/notizen\/index.php?rest_route=%2Fwp%2Fv2%2Fcomments&post=871"}],"version-history":[{"count":2,"href":"https:\/\/neuesleben.ch\/notizen\/index.php?rest_route=\/wp\/v2\/posts\/871\/revisions"}],"predecessor-version":[{"id":884,"href":"https:\/\/neuesleben.ch\/notizen\/index.php?rest_route=\/wp\/v2\/posts\/871\/revisions\/884"}],"wp:featuredmedia":[{"embeddable":true,"href":"https:\/\/neuesleben.ch\/notizen\/index.php?rest_route=\/wp\/v2\/media\/872"}],"wp:attachment":[{"href":"https:\/\/neuesleben.ch\/notizen\/index.php?rest_route=%2Fwp%2Fv2%2Fmedia&parent=871"}],"wp:term":[{"taxonomy":"category","embeddable":true,"href":"https:\/\/neuesleben.ch\/notizen\/index.php?rest_route=%2Fwp%2Fv2%2Fcategories&post=871"},{"taxonomy":"post_tag","embeddable":true,"href":"https:\/\/neuesleben.ch\/notizen\/index.php?rest_route=%2Fwp%2Fv2%2Ftags&post=871"}],"curies":[{"name":"wp","href":"https:\/\/api.w.org\/{rel}","templated":true}]}}