{"id":857,"date":"2021-07-01T13:10:41","date_gmt":"2021-07-01T11:10:41","guid":{"rendered":"http:\/\/neuesleben.ch\/notizen\/?p=857"},"modified":"2021-07-01T13:10:43","modified_gmt":"2021-07-01T11:10:43","slug":"icf-event-mini-meinig-zum-thema-corona","status":"publish","type":"post","link":"https:\/\/neuesleben.ch\/notizen\/?p=857","title":{"rendered":"ICF-Event Mini Meinig zum Thema Corona"},"content":{"rendered":"\n<p>Am 27.6.21 war ich von Reto Kaltbrunner (Pastor des ICF SG) zu einem Podiumsgespr\u00e4ch mit Andi Dubach (Pr\u00e4sident der evang. Allianz SG) sowie Oliver Engler (Gr\u00fcnder des Buchcaf\u00e9s Benedikt SG) mit der Frage &#8222;Wie finde ich mich im Pandemiedschungel zurecht?&#8220; eingeladen. Wir haben uns unter anderem \u00fcber folgende Themen unterhalten:<\/p>\n\n\n\n<ul class=\"wp-block-list\"><li>Krisen &#8211; Chancen oder Bedrohung<\/li><li>Angst<\/li><li>Eigenverantwortung<\/li><li>Verschw\u00f6rungstheorien<\/li><li>Staatliche Autorit\u00e4t &#8211; Unterordnung<\/li><li>Endzeitszenarien &#8211; Metasichweise<\/li><li>Impfung<\/li><\/ul>\n\n\n\n<figure class=\"wp-block-embed-youtube wp-block-embed is-type-video is-provider-youtube wp-embed-aspect-16-9 wp-has-aspect-ratio\"><div class=\"wp-block-embed__wrapper\">\n<iframe loading=\"lazy\" title=\"Mini Meinig Sunday Evening Talk | mit Reto Kaltbrunner und G\u00e4sten | ICF St.Gallen\" width=\"750\" height=\"422\" src=\"https:\/\/www.youtube.com\/embed\/U0-qomYWnGg?feature=oembed\" frameborder=\"0\" allow=\"accelerometer; autoplay; clipboard-write; encrypted-media; gyroscope; picture-in-picture\" allowfullscreen><\/iframe>\n<\/div><\/figure>\n","protected":false},"excerpt":{"rendered":"<p>Am 27.6.21 war ich von Reto Kaltbrunner (Pastor des ICF SG) zu einem Podiumsgespr\u00e4ch mit Andi Dubach (Pr\u00e4sident der evang. Allianz SG) sowie Oliver Engler (Gr\u00fcnder des Buchcaf\u00e9s Benedikt SG) mit der Frage &#8222;Wie finde ich mich im Pandemiedschungel zurecht?&#8220; eingeladen. Wir haben uns unter anderem \u00fcber folgende Themen unterhalten: [&hellip;]<\/p>\n","protected":false},"author":1,"featured_media":858,"comment_status":"open","ping_status":"closed","sticky":false,"template":"","format":"standard","meta":{"footnotes":""},"categories":[159,81],"tags":[208],"class_list":["post-857","post","type-post","status-publish","format-standard","has-post-thumbnail","hentry","category-aktuell","category-ethik","tag-pandemie"],"_links":{"self":[{"href":"https:\/\/neuesleben.ch\/notizen\/index.php?rest_route=\/wp\/v2\/posts\/857","targetHints":{"allow":["GET"]}}],"collection":[{"href":"https:\/\/neuesleben.ch\/notizen\/index.php?rest_route=\/wp\/v2\/posts"}],"about":[{"href":"https:\/\/neuesleben.ch\/notizen\/index.php?rest_route=\/wp\/v2\/types\/post"}],"author":[{"embeddable":true,"href":"https:\/\/neuesleben.ch\/notizen\/index.php?rest_route=\/wp\/v2\/users\/1"}],"replies":[{"embeddable":true,"href":"https:\/\/neuesleben.ch\/notizen\/index.php?rest_route=%2Fwp%2Fv2%2Fcomments&post=857"}],"version-history":[{"count":1,"href":"https:\/\/neuesleben.ch\/notizen\/index.php?rest_route=\/wp\/v2\/posts\/857\/revisions"}],"predecessor-version":[{"id":859,"href":"https:\/\/neuesleben.ch\/notizen\/index.php?rest_route=\/wp\/v2\/posts\/857\/revisions\/859"}],"wp:featuredmedia":[{"embeddable":true,"href":"https:\/\/neuesleben.ch\/notizen\/index.php?rest_route=\/wp\/v2\/media\/858"}],"wp:attachment":[{"href":"https:\/\/neuesleben.ch\/notizen\/index.php?rest_route=%2Fwp%2Fv2%2Fmedia&parent=857"}],"wp:term":[{"taxonomy":"category","embeddable":true,"href":"https:\/\/neuesleben.ch\/notizen\/index.php?rest_route=%2Fwp%2Fv2%2Fcategories&post=857"},{"taxonomy":"post_tag","embeddable":true,"href":"https:\/\/neuesleben.ch\/notizen\/index.php?rest_route=%2Fwp%2Fv2%2Ftags&post=857"}],"curies":[{"name":"wp","href":"https:\/\/api.w.org\/{rel}","templated":true}]}}