{"id":851,"date":"2021-06-16T15:30:18","date_gmt":"2021-06-16T13:30:18","guid":{"rendered":"http:\/\/neuesleben.ch\/notizen\/?p=851"},"modified":"2021-06-16T15:30:19","modified_gmt":"2021-06-16T13:30:19","slug":"heilige-kirche-das-wunder-der-einheit-in-vielfalt","status":"publish","type":"post","link":"https:\/\/neuesleben.ch\/notizen\/?p=851","title":{"rendered":"Heilige Kirche &#8211; Das Wunder der Einheit in Vielfalt"},"content":{"rendered":"\n<p>Paulus verwendet oft die Metapher des Leibes f\u00fcr die Kirche (ekklesia), die von Gott aus der Welt herausgerufenen und somit geheiligten, d.h. f\u00fcr sich abgesonderten Menschen. Nachfolgend die Predigt \u00fcber 1. Kor 12,20-30 in der <a href=\"https:\/\/www.stami.ch\" target=\"_blank\" rel=\"noreferrer noopener\" aria-label=\"Stami, St. Gallen (\u00f6ffnet in neuem Tab)\">Stami, St. Gallen<\/a>.<\/p>\n\n\n\n<figure class=\"wp-block-embed-youtube wp-block-embed is-type-video is-provider-youtube wp-embed-aspect-16-9 wp-has-aspect-ratio\"><div class=\"wp-block-embed__wrapper\">\n<iframe loading=\"lazy\" title=\"Heilige Kirche - Das Wunder der Einheit in Vielfalt\" width=\"750\" height=\"422\" src=\"https:\/\/www.youtube.com\/embed\/vLerQ45cnuU?feature=oembed\" frameborder=\"0\" allow=\"accelerometer; autoplay; clipboard-write; encrypted-media; gyroscope; picture-in-picture\" allowfullscreen><\/iframe>\n<\/div><\/figure>\n\n\n\n<div class=\"wp-block-file\"><a href=\"https:\/\/neuesleben.ch\/notizen\/wp-content\/uploads\/2021\/06\/Anders-Einheit-in-der-Vielfalt.pptx\">Anders-Einheit-in-der-Vielfalt<\/a><a href=\"https:\/\/neuesleben.ch\/notizen\/wp-content\/uploads\/2021\/06\/Anders-Einheit-in-der-Vielfalt.pptx\" class=\"wp-block-file__button\" download>Herunterladen<\/a><\/div>\n\n\n\n<div class=\"wp-block-file\"><a href=\"https:\/\/neuesleben.ch\/notizen\/wp-content\/uploads\/2021\/06\/Anders-Einheit-in-der-Vielfalt.pdf\">Anders-Einheit-in-der-Vielfalt<\/a><a href=\"https:\/\/neuesleben.ch\/notizen\/wp-content\/uploads\/2021\/06\/Anders-Einheit-in-der-Vielfalt.pdf\" class=\"wp-block-file__button\" download>Herunterladen<\/a><\/div>\n","protected":false},"excerpt":{"rendered":"<p>Paulus verwendet oft die Metapher des Leibes f\u00fcr die Kirche (ekklesia), die von Gott aus der Welt herausgerufenen und somit geheiligten, d.h. f\u00fcr sich abgesonderten Menschen. Nachfolgend die Predigt \u00fcber 1. Kor 12,20-30 in der Stami, St. Gallen.<\/p>\n","protected":false},"author":1,"featured_media":853,"comment_status":"open","ping_status":"closed","sticky":false,"template":"","format":"standard","meta":{"footnotes":""},"categories":[205,159,177],"tags":[147,207,206],"class_list":["post-851","post","type-post","status-publish","format-standard","has-post-thumbnail","hentry","category-07-1-korinther","category-aktuell","category-gemeinde","tag-gemeinde","tag-kirche","tag-leib"],"_links":{"self":[{"href":"https:\/\/neuesleben.ch\/notizen\/index.php?rest_route=\/wp\/v2\/posts\/851","targetHints":{"allow":["GET"]}}],"collection":[{"href":"https:\/\/neuesleben.ch\/notizen\/index.php?rest_route=\/wp\/v2\/posts"}],"about":[{"href":"https:\/\/neuesleben.ch\/notizen\/index.php?rest_route=\/wp\/v2\/types\/post"}],"author":[{"embeddable":true,"href":"https:\/\/neuesleben.ch\/notizen\/index.php?rest_route=\/wp\/v2\/users\/1"}],"replies":[{"embeddable":true,"href":"https:\/\/neuesleben.ch\/notizen\/index.php?rest_route=%2Fwp%2Fv2%2Fcomments&post=851"}],"version-history":[{"count":1,"href":"https:\/\/neuesleben.ch\/notizen\/index.php?rest_route=\/wp\/v2\/posts\/851\/revisions"}],"predecessor-version":[{"id":855,"href":"https:\/\/neuesleben.ch\/notizen\/index.php?rest_route=\/wp\/v2\/posts\/851\/revisions\/855"}],"wp:featuredmedia":[{"embeddable":true,"href":"https:\/\/neuesleben.ch\/notizen\/index.php?rest_route=\/wp\/v2\/media\/853"}],"wp:attachment":[{"href":"https:\/\/neuesleben.ch\/notizen\/index.php?rest_route=%2Fwp%2Fv2%2Fmedia&parent=851"}],"wp:term":[{"taxonomy":"category","embeddable":true,"href":"https:\/\/neuesleben.ch\/notizen\/index.php?rest_route=%2Fwp%2Fv2%2Fcategories&post=851"},{"taxonomy":"post_tag","embeddable":true,"href":"https:\/\/neuesleben.ch\/notizen\/index.php?rest_route=%2Fwp%2Fv2%2Ftags&post=851"}],"curies":[{"name":"wp","href":"https:\/\/api.w.org\/{rel}","templated":true}]}}