{"id":1238,"date":"2025-10-09T13:28:26","date_gmt":"2025-10-09T11:28:26","guid":{"rendered":"https:\/\/neuesleben.ch\/notizen\/?p=1238"},"modified":"2025-10-09T13:28:57","modified_gmt":"2025-10-09T11:28:57","slug":"jesus-das-bessere-opfer","status":"publish","type":"post","link":"https:\/\/neuesleben.ch\/notizen\/?p=1238","title":{"rendered":"Jesus, das bessere Opfer"},"content":{"rendered":"\n<p>Am letzten Sonntag sprach ich bei der <a href=\"https:\/\/gvcstgallen.ch\/\" target=\"_blank\" rel=\"noreferrer noopener\">GvC St. Gallen<\/a> \u00fcber Jesus, <strong>das bessere Opfer, mit Hebr\u00e4er 10,1ff <\/strong>als Textbasis. Jesus Christus, hat sich ein f\u00fcr allemal f\u00fcr uns, d.h. alle, welche an Ihn glauben, geopfert. Nur der Glauben an Ihn, kann uns vor Gott gerecht und annehmbar machen.<\/p>\n\n\n\n<figure class=\"wp-block-audio\"><audio controls src=\"https:\/\/neuesleben.ch\/notizen\/wp-content\/uploads\/2025\/10\/2025-10-05_HJ.Tremp_.mp3\"><\/audio><\/figure>\n\n\n<a href=\"https:\/\/neuesleben.ch\/notizen\/wp-content\/uploads\/2025\/10\/Jesus-das-bessere-Opfer.pdf\" class=\"pdfemb-viewer\" style=\"\" data-width=\"max\" data-height=\"max\" data-toolbar=\"bottom\" data-toolbar-fixed=\"off\">Jesus-das-bessere-Opfer<\/a>","protected":false},"excerpt":{"rendered":"<p>Am letzten Sonntag sprach ich bei der GvC St. Gallen \u00fcber Jesus, das bessere Opfer, mit Hebr\u00e4er 10,1ff als Textbasis. Jesus Christus, hat sich ein f\u00fcr allemal f\u00fcr uns, d.h. alle, welche an Ihn glauben, geopfert. Nur der Glauben an Ihn, kann uns vor Gott gerecht und annehmbar machen.<\/p>\n","protected":false},"author":1,"featured_media":1240,"comment_status":"open","ping_status":"closed","sticky":false,"template":"","format":"standard","meta":{"footnotes":""},"categories":[76,4,159],"tags":[295],"class_list":["post-1238","post","type-post","status-publish","format-standard","has-post-thumbnail","hentry","category-19-hebraer","category-nt","category-aktuell","tag-jesu-opfer"],"_links":{"self":[{"href":"https:\/\/neuesleben.ch\/notizen\/index.php?rest_route=\/wp\/v2\/posts\/1238","targetHints":{"allow":["GET"]}}],"collection":[{"href":"https:\/\/neuesleben.ch\/notizen\/index.php?rest_route=\/wp\/v2\/posts"}],"about":[{"href":"https:\/\/neuesleben.ch\/notizen\/index.php?rest_route=\/wp\/v2\/types\/post"}],"author":[{"embeddable":true,"href":"https:\/\/neuesleben.ch\/notizen\/index.php?rest_route=\/wp\/v2\/users\/1"}],"replies":[{"embeddable":true,"href":"https:\/\/neuesleben.ch\/notizen\/index.php?rest_route=%2Fwp%2Fv2%2Fcomments&post=1238"}],"version-history":[{"count":1,"href":"https:\/\/neuesleben.ch\/notizen\/index.php?rest_route=\/wp\/v2\/posts\/1238\/revisions"}],"predecessor-version":[{"id":1242,"href":"https:\/\/neuesleben.ch\/notizen\/index.php?rest_route=\/wp\/v2\/posts\/1238\/revisions\/1242"}],"wp:featuredmedia":[{"embeddable":true,"href":"https:\/\/neuesleben.ch\/notizen\/index.php?rest_route=\/wp\/v2\/media\/1240"}],"wp:attachment":[{"href":"https:\/\/neuesleben.ch\/notizen\/index.php?rest_route=%2Fwp%2Fv2%2Fmedia&parent=1238"}],"wp:term":[{"taxonomy":"category","embeddable":true,"href":"https:\/\/neuesleben.ch\/notizen\/index.php?rest_route=%2Fwp%2Fv2%2Fcategories&post=1238"},{"taxonomy":"post_tag","embeddable":true,"href":"https:\/\/neuesleben.ch\/notizen\/index.php?rest_route=%2Fwp%2Fv2%2Ftags&post=1238"}],"curies":[{"name":"wp","href":"https:\/\/api.w.org\/{rel}","templated":true}]}}