{"id":117,"date":"2012-06-02T11:01:18","date_gmt":"2012-06-02T09:01:18","guid":{"rendered":"http:\/\/neuesleben.ch\/notizen\/?p=117"},"modified":"2012-06-02T11:02:57","modified_gmt":"2012-06-02T09:02:57","slug":"lukas-2252-53-dies-ist-eure-stunde","status":"publish","type":"post","link":"https:\/\/neuesleben.ch\/notizen\/?p=117","title":{"rendered":"Lukas 22:52-53 &#8211; Dies ist eure Stunde!"},"content":{"rendered":"<p> <sup class=\"versenum\" style=\"font-size: 0.75em; line-height: normal; font-weight: bold; vertical-align: top; \">52 <\/sup>Es sprach aber Jesus zu den obersten Priestern und Hauptleuten des Tempels und zu den \u00c4ltesten, die an ihn herangetreten waren: Wie gegen einen R\u00e4uber seid ihr ausgezogen mit Schwertern und mit St\u00f6cken! <sup class=\"versenum\" style=\"font-size: 0.75em; line-height: normal; font-weight: bold; vertical-align: top; \">53 <\/sup>Als ich t\u00e4glich bei euch im Tempel war, habt ihr die H\u00e4nde nicht gegen mich ausgestreckt. Aber dies ist eure Stunde und die Macht der Finsternis. (Lukas 22:52-53)<\/p>\n<p>Die obersten Priester (d.h. der aktuelle Oberpriester und seine Vorg\u00e4nger sowie die im Einfluss am h\u00f6chsten Stehenden Priester) kamen verst\u00e4rkt mit den Hauptleuten und Soldaten des Tempels. Auch die \u00c4ltesten, d.h. die F\u00fchrer des Volkes, waren mit dabei. Sie kommen in der Nacht, da sie anstatt Gott das Volk f\u00fcrchten. Jesus begegnet ihnen in Ruhe und <strong>geistiger \u00dcberlegenheit<\/strong>. Leider denken sie nicht \u00fcber die Worte Jesu nach. Sie k\u00f6nnen dies ausf\u00fchren, da Gott der Finsternis erlaubt, ihre Machenschaften auszuf\u00fchren. Letztendlich verfolgt Er sein Ziel (siehe dazu <a href=\"http:\/\/www.biblegateway.com\/passage\/?search=Acts%202:23&#038;version=SCH2000\" target=\"_blank\" title=\"\">Apostelgeschichte 2:23<\/a>), n\u00e4mlich die Hingabe Jesus Christi als das Lamm Gottes, damit wir durch seinen stellvertretenden S\u00fchnetod im Glauben Vergebung und Frieden mit Gott erhalten k\u00f6nnen.<\/p>\n<p>Gebet: Herr lass mich aufmerksam auf Deine Stimme h\u00f6ren. Du bist voller G\u00fcte und alles ist schlussendlich unter Deiner f\u00fchrsorgenden Kontrolle. Ich bete Dich an. <\/p>\n","protected":false},"excerpt":{"rendered":"<p>52 Es sprach aber Jesus zu den obersten Priestern und Hauptleuten des Tempels und zu den \u00c4ltesten, die an ihn herangetreten waren: Wie gegen einen R\u00e4uber seid ihr ausgezogen mit Schwertern und mit St\u00f6cken! 53 Als ich t\u00e4glich bei euch im Tempel war, habt ihr die H\u00e4nde nicht gegen mich [&hellip;]<\/p>\n","protected":false},"author":1,"featured_media":0,"comment_status":"open","ping_status":"open","sticky":false,"template":"","format":"standard","meta":{"footnotes":""},"categories":[5,4],"tags":[25],"class_list":["post-117","post","type-post","status-publish","format-standard","hentry","category-03-lukas","category-nt","tag-passion"],"_links":{"self":[{"href":"https:\/\/neuesleben.ch\/notizen\/index.php?rest_route=\/wp\/v2\/posts\/117","targetHints":{"allow":["GET"]}}],"collection":[{"href":"https:\/\/neuesleben.ch\/notizen\/index.php?rest_route=\/wp\/v2\/posts"}],"about":[{"href":"https:\/\/neuesleben.ch\/notizen\/index.php?rest_route=\/wp\/v2\/types\/post"}],"author":[{"embeddable":true,"href":"https:\/\/neuesleben.ch\/notizen\/index.php?rest_route=\/wp\/v2\/users\/1"}],"replies":[{"embeddable":true,"href":"https:\/\/neuesleben.ch\/notizen\/index.php?rest_route=%2Fwp%2Fv2%2Fcomments&post=117"}],"version-history":[{"count":2,"href":"https:\/\/neuesleben.ch\/notizen\/index.php?rest_route=\/wp\/v2\/posts\/117\/revisions"}],"predecessor-version":[{"id":119,"href":"https:\/\/neuesleben.ch\/notizen\/index.php?rest_route=\/wp\/v2\/posts\/117\/revisions\/119"}],"wp:attachment":[{"href":"https:\/\/neuesleben.ch\/notizen\/index.php?rest_route=%2Fwp%2Fv2%2Fmedia&parent=117"}],"wp:term":[{"taxonomy":"category","embeddable":true,"href":"https:\/\/neuesleben.ch\/notizen\/index.php?rest_route=%2Fwp%2Fv2%2Fcategories&post=117"},{"taxonomy":"post_tag","embeddable":true,"href":"https:\/\/neuesleben.ch\/notizen\/index.php?rest_route=%2Fwp%2Fv2%2Ftags&post=117"}],"curies":[{"name":"wp","href":"https:\/\/api.w.org\/{rel}","templated":true}]}}