{"id":1066,"date":"2024-01-17T09:25:31","date_gmt":"2024-01-17T08:25:31","guid":{"rendered":"https:\/\/neuesleben.ch\/notizen\/?p=1066"},"modified":"2024-01-17T09:27:19","modified_gmt":"2024-01-17T08:27:19","slug":"die-weisen-vom-morgenland","status":"publish","type":"post","link":"https:\/\/neuesleben.ch\/notizen\/?p=1066","title":{"rendered":"Die Weisen vom Morgenland"},"content":{"rendered":"\n<p>Am letzten Sonntag sprach ich in der FEG Uzwil \u00fcber Matth\u00e4us 2,1-12 \u00fcber den Besuch der Weisen vom Morgenland. Dabei beleuchte ich die geschichtlichen Hintergr\u00fcnde und zeige die symbolische Bedeutung der drei Geschenke auf. <\/p>\n\n\n\n<figure class=\"wp-block-embed is-type-video is-provider-youtube wp-block-embed-youtube wp-embed-aspect-16-9 wp-has-aspect-ratio\"><div class=\"wp-block-embed__wrapper\">\n<iframe loading=\"lazy\" title=\"Die Weisen vom Morgenland\" width=\"750\" height=\"422\" src=\"https:\/\/www.youtube.com\/embed\/MXwo0jNIGpo?feature=oembed\" frameborder=\"0\" allow=\"accelerometer; autoplay; clipboard-write; encrypted-media; gyroscope; picture-in-picture; web-share\" allowfullscreen><\/iframe>\n<\/div><\/figure>\n\n\n<a href=\"https:\/\/neuesleben.ch\/notizen\/wp-content\/uploads\/2024\/01\/2024-01-24-Die-Weisen-vom-Morgenland.pdf\" class=\"pdfemb-viewer\" style=\"\" data-width=\"max\" data-height=\"max\" data-toolbar=\"bottom\" data-toolbar-fixed=\"off\">2024-01-24-Die-Weisen-vom-Morgenland<\/a>\n<p class=\"wp-block-pdfemb-pdf-embedder-viewer\"><\/p>\n","protected":false},"excerpt":{"rendered":"<p>Am letzten Sonntag sprach ich in der FEG Uzwil \u00fcber Matth\u00e4us 2,1-12 \u00fcber den Besuch der Weisen vom Morgenland. Dabei beleuchte ich die geschichtlichen Hintergr\u00fcnde und zeige die symbolische Bedeutung der drei Geschenke auf.<\/p>\n","protected":false},"author":1,"featured_media":1068,"comment_status":"open","ping_status":"closed","sticky":false,"template":"","format":"standard","meta":{"footnotes":""},"categories":[89,159],"tags":[161,71,260,261],"class_list":["post-1066","post","type-post","status-publish","format-standard","has-post-thumbnail","hentry","category-01-matthaus","category-aktuell","tag-evangelien","tag-jesus","tag-matthaeus","tag-weise-vom-morgenland"],"_links":{"self":[{"href":"https:\/\/neuesleben.ch\/notizen\/index.php?rest_route=\/wp\/v2\/posts\/1066","targetHints":{"allow":["GET"]}}],"collection":[{"href":"https:\/\/neuesleben.ch\/notizen\/index.php?rest_route=\/wp\/v2\/posts"}],"about":[{"href":"https:\/\/neuesleben.ch\/notizen\/index.php?rest_route=\/wp\/v2\/types\/post"}],"author":[{"embeddable":true,"href":"https:\/\/neuesleben.ch\/notizen\/index.php?rest_route=\/wp\/v2\/users\/1"}],"replies":[{"embeddable":true,"href":"https:\/\/neuesleben.ch\/notizen\/index.php?rest_route=%2Fwp%2Fv2%2Fcomments&post=1066"}],"version-history":[{"count":2,"href":"https:\/\/neuesleben.ch\/notizen\/index.php?rest_route=\/wp\/v2\/posts\/1066\/revisions"}],"predecessor-version":[{"id":1071,"href":"https:\/\/neuesleben.ch\/notizen\/index.php?rest_route=\/wp\/v2\/posts\/1066\/revisions\/1071"}],"wp:featuredmedia":[{"embeddable":true,"href":"https:\/\/neuesleben.ch\/notizen\/index.php?rest_route=\/wp\/v2\/media\/1068"}],"wp:attachment":[{"href":"https:\/\/neuesleben.ch\/notizen\/index.php?rest_route=%2Fwp%2Fv2%2Fmedia&parent=1066"}],"wp:term":[{"taxonomy":"category","embeddable":true,"href":"https:\/\/neuesleben.ch\/notizen\/index.php?rest_route=%2Fwp%2Fv2%2Fcategories&post=1066"},{"taxonomy":"post_tag","embeddable":true,"href":"https:\/\/neuesleben.ch\/notizen\/index.php?rest_route=%2Fwp%2Fv2%2Ftags&post=1066"}],"curies":[{"name":"wp","href":"https:\/\/api.w.org\/{rel}","templated":true}]}}